{"id":815,"date":"2024-06-02T16:20:58","date_gmt":"2024-06-02T14:20:58","guid":{"rendered":"https:\/\/www.pascalvogt.de\/?p=815"},"modified":"2024-06-02T16:20:58","modified_gmt":"2024-06-02T14:20:58","slug":"neue-partyschlager-single-ab-ins-leben-ab-21-6-2024","status":"publish","type":"post","link":"https:\/\/www.pascalvogt.de\/?p=815","title":{"rendered":"Neue Partyschlager-Single &#8222;Ab ins Leben&#8220; ab 21.6.2024"},"content":{"rendered":"\n<p>Nach dem bahnbrechenden Erfolg meiner Deb\u00fct-Single &#8222;Deine Insel&#8220; im letzten Jahr mit \u00fcber 50.000 Streams, werde ich wieder einen Partyschlager ver\u00f6ffentlichen. Nach der Zeit im Studio freue ich mich, dass ich euch wieder einen Song pr\u00e4sentieren darf. <\/p>\n\n\n\n<p>&#8222;Ab ins Leben&#8220; ist ein erfrischender Soundtrack f\u00fcr sonnige Tage, der typische Schlagerbeats mit eing\u00e4ngigen Klaviert\u00f6nen vereint. Der Chorpart, ein ikonischer Bestandteil der Hook, l\u00e4dt die Zuh\u00f6rer zum Mitsingen ein und verspricht, im Ged\u00e4chtnis zu bleiben. <\/p>\n\n\n\n<p>&#8222;Ab ins Leben&#8220; ist ab dem 21. Juni 2024 auf allen g\u00e4ngigen Musikplattformen verf\u00fcgbar und verspricht, der ultimative Soundtrack f\u00fcr den Sommer 2024 zu werden. Bleibt abzuwarten, ob dieser neue Hit mit dem Erfolg von &#8222;Deine Insel&#8220; mithalten kann. Aber eines ist sicher: Gute Laune und frischer Sound sind f\u00fcr euch garantiert!<\/p>\n\n\n\n<figure class=\"wp-block-image size-full is-resized\"><a href=\"https:\/\/www.pascalvogt.de\/wp-content\/uploads\/2024\/06\/Ab-ins-Leben_Cover.jpg\"><img loading=\"lazy\" decoding=\"async\" width=\"1024\" height=\"1024\" src=\"https:\/\/www.pascalvogt.de\/wp-content\/uploads\/2024\/06\/Ab-ins-Leben_Cover.jpg\" alt=\"\" class=\"wp-image-816\" style=\"width:237px;height:auto\" srcset=\"https:\/\/www.pascalvogt.de\/wp-content\/uploads\/2024\/06\/Ab-ins-Leben_Cover.jpg 1024w, https:\/\/www.pascalvogt.de\/wp-content\/uploads\/2024\/06\/Ab-ins-Leben_Cover-300x300.jpg 300w, https:\/\/www.pascalvogt.de\/wp-content\/uploads\/2024\/06\/Ab-ins-Leben_Cover-150x150.jpg 150w, https:\/\/www.pascalvogt.de\/wp-content\/uploads\/2024\/06\/Ab-ins-Leben_Cover-768x768.jpg 768w\" sizes=\"auto, (max-width: 1024px) 100vw, 1024px\" \/><\/a><\/figure>\n","protected":false},"excerpt":{"rendered":"<p>Nach dem bahnbrechenden Erfolg meiner Deb\u00fct-Single &#8222;Deine Insel&#8220; im letzten Jahr mit \u00fcber 50.000 Streams, werde ich wieder einen Partyschlager ver\u00f6ffentlichen. Nach der Zeit im Studio freue ich mich, dass ich euch wieder einen Song pr\u00e4sentieren darf. &#8222;Ab ins Leben&#8220; ist ein erfrischender Soundtrack f\u00fcr sonnige Tage, der typische Schlagerbeats mit eing\u00e4ngigen Klaviert\u00f6nen vereint. Der [&hellip;]<\/p>\n","protected":false},"author":1,"featured_media":0,"comment_status":"closed","ping_status":"closed","sticky":false,"template":"","format":"standard","meta":{"footnotes":""},"categories":[1],"tags":[],"class_list":["post-815","post","type-post","status-publish","format-standard","hentry","category-allgemein"],"_links":{"self":[{"href":"https:\/\/www.pascalvogt.de\/index.php?rest_route=\/wp\/v2\/posts\/815","targetHints":{"allow":["GET"]}}],"collection":[{"href":"https:\/\/www.pascalvogt.de\/index.php?rest_route=\/wp\/v2\/posts"}],"about":[{"href":"https:\/\/www.pascalvogt.de\/index.php?rest_route=\/wp\/v2\/types\/post"}],"author":[{"embeddable":true,"href":"https:\/\/www.pascalvogt.de\/index.php?rest_route=\/wp\/v2\/users\/1"}],"replies":[{"embeddable":true,"href":"https:\/\/www.pascalvogt.de\/index.php?rest_route=%2Fwp%2Fv2%2Fcomments&post=815"}],"version-history":[{"count":1,"href":"https:\/\/www.pascalvogt.de\/index.php?rest_route=\/wp\/v2\/posts\/815\/revisions"}],"predecessor-version":[{"id":817,"href":"https:\/\/www.pascalvogt.de\/index.php?rest_route=\/wp\/v2\/posts\/815\/revisions\/817"}],"wp:attachment":[{"href":"https:\/\/www.pascalvogt.de\/index.php?rest_route=%2Fwp%2Fv2%2Fmedia&parent=815"}],"wp:term":[{"taxonomy":"category","embeddable":true,"href":"https:\/\/www.pascalvogt.de\/index.php?rest_route=%2Fwp%2Fv2%2Fcategories&post=815"},{"taxonomy":"post_tag","embeddable":true,"href":"https:\/\/www.pascalvogt.de\/index.php?rest_route=%2Fwp%2Fv2%2Ftags&post=815"}],"curies":[{"name":"wp","href":"https:\/\/api.w.org\/{rel}","templated":true}]}}