{"id":488,"date":"2018-05-23T21:41:44","date_gmt":"2018-05-23T19:41:44","guid":{"rendered":"http:\/\/www.pascalvogt.de\/?p=488"},"modified":"2018-05-23T21:57:16","modified_gmt":"2018-05-23T19:57:16","slug":"neues-video-zum-neuen-song-du-und-ich","status":"publish","type":"post","link":"https:\/\/www.pascalvogt.de\/?p=488","title":{"rendered":"Neues Video zu &#8222;Du und ich&#8220; (V\u00d6: 23.5.2018 auf YouTube)"},"content":{"rendered":"<p>Auf YouTube steht nun endlich mein neues Musikvideo zu meinem brandneuen Titel &#8222;Du und ich&#8220; zur Verf\u00fcgung. Der Song stammt aus einer Session im Studio. Wann die neue EP ver\u00f6ffentlicht wird, steht noch nicht fest. Viel Spa\u00df beim Anschauen!<\/p>\n<p><img loading=\"lazy\" decoding=\"async\" class=\"alignnone size-medium wp-image-489\" src=\"http:\/\/www.pascalvogt.de\/wp-content\/uploads\/2018\/05\/YouTubeLink_Bild_Songpremiere2-300x214.jpg\" alt=\"\" width=\"300\" height=\"214\" srcset=\"https:\/\/www.pascalvogt.de\/wp-content\/uploads\/2018\/05\/YouTubeLink_Bild_Songpremiere2-300x214.jpg 300w, https:\/\/www.pascalvogt.de\/wp-content\/uploads\/2018\/05\/YouTubeLink_Bild_Songpremiere2-768x547.jpg 768w, https:\/\/www.pascalvogt.de\/wp-content\/uploads\/2018\/05\/YouTubeLink_Bild_Songpremiere2-1024x729.jpg 1024w, https:\/\/www.pascalvogt.de\/wp-content\/uploads\/2018\/05\/YouTubeLink_Bild_Songpremiere2-421x300.jpg 421w, https:\/\/www.pascalvogt.de\/wp-content\/uploads\/2018\/05\/YouTubeLink_Bild_Songpremiere2.jpg 1080w\" sizes=\"auto, (max-width: 300px) 100vw, 300px\" \/>YouTube: Pascal Vogt &#8211; Du und ich (Studio-Session)<\/p>\n<p>&nbsp;<br \/>\n<iframe loading=\"lazy\" width=\"560\" height=\"315\" src=\"https:\/\/www.youtube-nocookie.com\/embed\/zrtlxqEcp4k\" frameborder=\"0\" allow=\"autoplay; encrypted-media\" allowfullscreen><\/iframe><br \/>\n(Das Video wird im Datenschutzmodus abgespielt) <\/p>\n","protected":false},"excerpt":{"rendered":"<p>Auf YouTube steht nun endlich mein neues Musikvideo zu meinem brandneuen Titel &#8222;Du und ich&#8220; zur Verf\u00fcgung. Der Song stammt aus einer Session im Studio. Wann die neue EP ver\u00f6ffentlicht wird, steht noch nicht fest. Viel Spa\u00df beim Anschauen! YouTube: Pascal Vogt &#8211; Du und ich (Studio-Session) &nbsp; (Das Video wird im Datenschutzmodus abgespielt)<\/p>\n","protected":false},"author":1,"featured_media":0,"comment_status":"closed","ping_status":"closed","sticky":false,"template":"","format":"standard","meta":{"footnotes":""},"categories":[1],"tags":[],"class_list":["post-488","post","type-post","status-publish","format-standard","hentry","category-allgemein"],"_links":{"self":[{"href":"https:\/\/www.pascalvogt.de\/index.php?rest_route=\/wp\/v2\/posts\/488","targetHints":{"allow":["GET"]}}],"collection":[{"href":"https:\/\/www.pascalvogt.de\/index.php?rest_route=\/wp\/v2\/posts"}],"about":[{"href":"https:\/\/www.pascalvogt.de\/index.php?rest_route=\/wp\/v2\/types\/post"}],"author":[{"embeddable":true,"href":"https:\/\/www.pascalvogt.de\/index.php?rest_route=\/wp\/v2\/users\/1"}],"replies":[{"embeddable":true,"href":"https:\/\/www.pascalvogt.de\/index.php?rest_route=%2Fwp%2Fv2%2Fcomments&post=488"}],"version-history":[{"count":4,"href":"https:\/\/www.pascalvogt.de\/index.php?rest_route=\/wp\/v2\/posts\/488\/revisions"}],"predecessor-version":[{"id":497,"href":"https:\/\/www.pascalvogt.de\/index.php?rest_route=\/wp\/v2\/posts\/488\/revisions\/497"}],"wp:attachment":[{"href":"https:\/\/www.pascalvogt.de\/index.php?rest_route=%2Fwp%2Fv2%2Fmedia&parent=488"}],"wp:term":[{"taxonomy":"category","embeddable":true,"href":"https:\/\/www.pascalvogt.de\/index.php?rest_route=%2Fwp%2Fv2%2Fcategories&post=488"},{"taxonomy":"post_tag","embeddable":true,"href":"https:\/\/www.pascalvogt.de\/index.php?rest_route=%2Fwp%2Fv2%2Ftags&post=488"}],"curies":[{"name":"wp","href":"https:\/\/api.w.org\/{rel}","templated":true}]}}