{"id":450,"date":"2017-07-03T21:05:21","date_gmt":"2017-07-03T19:05:21","guid":{"rendered":"http:\/\/www.pascalvogt.de\/?p=450"},"modified":"2018-05-23T12:27:52","modified_gmt":"2018-05-23T10:27:52","slug":"neuvorstellung-all-die-fragen-auf-wdr2","status":"publish","type":"post","link":"https:\/\/www.pascalvogt.de\/?p=450","title":{"rendered":"+++Neuvorstellung &#8222;All die Fragen&#8220; auf WDR2 +++"},"content":{"rendered":"<p>Liebe Freunde,<\/p>\n<p>am 13.7.2017, in der Zeit von 20:05 bis 24:00 Uhr wird meine brandneue Single &#8222;All die Fragen&#8220; in der WDR2-Sendung &#8222;WDR2 Pop!&#8220; neu vorgestellt. Ich freue mich sehr, dass mein Song bei WDR2 Anklang gefunden hat und dort im Rahmen der Sendung als Newcomer-Song pr\u00e4sentiert wird.<\/p>\n<p>Im Rahmen der Newcomer-Aktion der &#8222;Szene im Westen&#8220; k\u00f6nnt ihr in der Woche des 13.7. f\u00fcr mich auf der Homepage von WDR2 in der Rubrik &#8222;Musik &#8211; Szene im Westen&#8220; f\u00fcr meinen Song voten! Ich w\u00e4re wahnsinnig dankbar, wenn Ihr f\u00fcr mich voten w\u00fcrdet! Lasst die Tasten gl\u00fchen und vielleicht bin ich der Wochensieger und darf eine noch gr\u00f6\u00dfere Reichweite im Radio genie\u00dfen!<\/p>\n<p>Teilt die Info auch gerne mit Euren Freunden oder lieben Menschen, die gerne deutsche Popmusik h\u00f6ren! Es ist toll, nach kreativem Schaffen so tolle R\u00fcckmeldung und Chancen zu bekommen. Dank auch an das WDR2-Team!<\/p>\n<p>Wer schon einmal in den Song h\u00f6ren will oder ihn sogar kaufen m\u00f6chte, kann das u.a. auf meiner Facebook-Seite oder bei YouTube tun.<\/p>\n<p>Euch allen eine tolle Sommerzeit,<\/p>\n<p>Euer Pascal<\/p>\n","protected":false},"excerpt":{"rendered":"<p>Liebe Freunde, am 13.7.2017, in der Zeit von 20:05 bis 24:00 Uhr wird meine brandneue Single &#8222;All die Fragen&#8220; in der WDR2-Sendung &#8222;WDR2 Pop!&#8220; neu vorgestellt. Ich freue mich sehr, dass mein Song bei WDR2 Anklang gefunden hat und dort im Rahmen der Sendung als Newcomer-Song pr\u00e4sentiert wird. Im Rahmen der Newcomer-Aktion der &#8222;Szene im [&hellip;]<\/p>\n","protected":false},"author":1,"featured_media":0,"comment_status":"open","ping_status":"open","sticky":false,"template":"","format":"standard","meta":{"footnotes":""},"categories":[1],"tags":[],"class_list":["post-450","post","type-post","status-publish","format-standard","hentry","category-allgemein"],"_links":{"self":[{"href":"https:\/\/www.pascalvogt.de\/index.php?rest_route=\/wp\/v2\/posts\/450","targetHints":{"allow":["GET"]}}],"collection":[{"href":"https:\/\/www.pascalvogt.de\/index.php?rest_route=\/wp\/v2\/posts"}],"about":[{"href":"https:\/\/www.pascalvogt.de\/index.php?rest_route=\/wp\/v2\/types\/post"}],"author":[{"embeddable":true,"href":"https:\/\/www.pascalvogt.de\/index.php?rest_route=\/wp\/v2\/users\/1"}],"replies":[{"embeddable":true,"href":"https:\/\/www.pascalvogt.de\/index.php?rest_route=%2Fwp%2Fv2%2Fcomments&post=450"}],"version-history":[{"count":6,"href":"https:\/\/www.pascalvogt.de\/index.php?rest_route=\/wp\/v2\/posts\/450\/revisions"}],"predecessor-version":[{"id":473,"href":"https:\/\/www.pascalvogt.de\/index.php?rest_route=\/wp\/v2\/posts\/450\/revisions\/473"}],"wp:attachment":[{"href":"https:\/\/www.pascalvogt.de\/index.php?rest_route=%2Fwp%2Fv2%2Fmedia&parent=450"}],"wp:term":[{"taxonomy":"category","embeddable":true,"href":"https:\/\/www.pascalvogt.de\/index.php?rest_route=%2Fwp%2Fv2%2Fcategories&post=450"},{"taxonomy":"post_tag","embeddable":true,"href":"https:\/\/www.pascalvogt.de\/index.php?rest_route=%2Fwp%2Fv2%2Ftags&post=450"}],"curies":[{"name":"wp","href":"https:\/\/api.w.org\/{rel}","templated":true}]}}