{"id":423,"date":"2016-07-29T07:01:04","date_gmt":"2016-07-29T05:01:04","guid":{"rendered":"http:\/\/www.pascalvogt.de\/?p=423"},"modified":"2018-05-23T12:28:17","modified_gmt":"2018-05-23T10:28:17","slug":"just-musical-vol-2-das-neue-album-ab-sofort-erhaltlich","status":"publish","type":"post","link":"https:\/\/www.pascalvogt.de\/?p=423","title":{"rendered":"Just Musical Vol.2 &#8211; Das neue Album ab sofort erh\u00e4ltlich!"},"content":{"rendered":"<p>Liebe Freunde,<\/p>\n<p>ab sofort k\u00f6nnt Ihr mein neues Album &#8222;Just Musical Vol.2&#8220; als Nachfolger meines Deb\u00fct-Albums bei Sound Of Music zu bestellen.<\/p>\n<p>Ich freue mich sehr dar\u00fcber, dass ich dieses Album wieder mit meinem guten Freund Michael Neugebauer produzieren konnte. Au\u00dferdem danke ich Fabian Michels f\u00fcr das Artwork und Dr. Arndt Peters f\u00fcr die tollen Fotos.<\/p>\n<p><a href=\"http:\/\/www.pascalvogt.de\/wp-content\/uploads\/2016\/07\/Pascal-Vogt_Cover_JM2_Downloads.jpg\"><img loading=\"lazy\" decoding=\"async\" class=\"alignnone size-medium wp-image-424\" alt=\"Pascal Vogt_Cover_JM2_Downloads\" src=\"http:\/\/www.pascalvogt.de\/wp-content\/uploads\/2016\/07\/Pascal-Vogt_Cover_JM2_Downloads-300x300.jpg\" width=\"300\" height=\"300\" srcset=\"https:\/\/www.pascalvogt.de\/wp-content\/uploads\/2016\/07\/Pascal-Vogt_Cover_JM2_Downloads-300x300.jpg 300w, https:\/\/www.pascalvogt.de\/wp-content\/uploads\/2016\/07\/Pascal-Vogt_Cover_JM2_Downloads-150x150.jpg 150w, https:\/\/www.pascalvogt.de\/wp-content\/uploads\/2016\/07\/Pascal-Vogt_Cover_JM2_Downloads.jpg 1000w\" sizes=\"auto, (max-width: 300px) 100vw, 300px\" \/><\/a><\/p>\n<p>&nbsp;<\/p>\n<p>&nbsp;<\/p>\n","protected":false},"excerpt":{"rendered":"<p>Liebe Freunde, ab sofort k\u00f6nnt Ihr mein neues Album &#8222;Just Musical Vol.2&#8220; als Nachfolger meines Deb\u00fct-Albums bei Sound Of Music zu bestellen. Ich freue mich sehr dar\u00fcber, dass ich dieses Album wieder mit meinem guten Freund Michael Neugebauer produzieren konnte. Au\u00dferdem danke ich Fabian Michels f\u00fcr das Artwork und Dr. Arndt Peters f\u00fcr die tollen [&hellip;]<\/p>\n","protected":false},"author":1,"featured_media":0,"comment_status":"open","ping_status":"open","sticky":false,"template":"","format":"standard","meta":{"footnotes":""},"categories":[1],"tags":[],"class_list":["post-423","post","type-post","status-publish","format-standard","hentry","category-allgemein"],"_links":{"self":[{"href":"https:\/\/www.pascalvogt.de\/index.php?rest_route=\/wp\/v2\/posts\/423","targetHints":{"allow":["GET"]}}],"collection":[{"href":"https:\/\/www.pascalvogt.de\/index.php?rest_route=\/wp\/v2\/posts"}],"about":[{"href":"https:\/\/www.pascalvogt.de\/index.php?rest_route=\/wp\/v2\/types\/post"}],"author":[{"embeddable":true,"href":"https:\/\/www.pascalvogt.de\/index.php?rest_route=\/wp\/v2\/users\/1"}],"replies":[{"embeddable":true,"href":"https:\/\/www.pascalvogt.de\/index.php?rest_route=%2Fwp%2Fv2%2Fcomments&post=423"}],"version-history":[{"count":4,"href":"https:\/\/www.pascalvogt.de\/index.php?rest_route=\/wp\/v2\/posts\/423\/revisions"}],"predecessor-version":[{"id":475,"href":"https:\/\/www.pascalvogt.de\/index.php?rest_route=\/wp\/v2\/posts\/423\/revisions\/475"}],"wp:attachment":[{"href":"https:\/\/www.pascalvogt.de\/index.php?rest_route=%2Fwp%2Fv2%2Fmedia&parent=423"}],"wp:term":[{"taxonomy":"category","embeddable":true,"href":"https:\/\/www.pascalvogt.de\/index.php?rest_route=%2Fwp%2Fv2%2Fcategories&post=423"},{"taxonomy":"post_tag","embeddable":true,"href":"https:\/\/www.pascalvogt.de\/index.php?rest_route=%2Fwp%2Fv2%2Ftags&post=423"}],"curies":[{"name":"wp","href":"https:\/\/api.w.org\/{rel}","templated":true}]}}